{"id":610,"date":"2017-05-17T07:05:01","date_gmt":"2017-05-17T05:05:01","guid":{"rendered":"http:\/\/www.amicodellajuve.com\/wps\/?p=610"},"modified":"2017-05-17T07:06:21","modified_gmt":"2017-05-17T05:06:21","slug":"la-coppa-italia-insieme","status":"publish","type":"post","link":"https:\/\/www.amicodellajuve.com\/?p=610","title":{"rendered":"La Coppa Italia insieme"},"content":{"rendered":"<p>Lo Juventus Club DOC &#8220;Amico della Juve&#8221; in occasione della Finale di Coppa Italia che si terr\u00e0 Mercoled\u00ec 17 Maggio, \u00e8 lieto di invitare tutti i suoi tesserati e i tifosi appassionati a seguire la partita presso il Bar Aroma di Caff\u00e8, sede del Club. A partire dalle ore 19:30 sar\u00e0 allestito un ricco buffet per l&#8217; apericena. VI ASPETTIAMO NUMEROSI FINO ALLA FINE !<\/p>\n","protected":false},"excerpt":{"rendered":"<p>Lo Juventus Club DOC &#8220;Amico della Juve&#8221; in occasione della Finale di Coppa Italia che si terr\u00e0 Mercoled\u00ec 17 Maggio, \u00e8 lieto di invitare tutti i suoi tesserati e i tifosi appassionati a seguire la partita presso il Bar Aroma di Caff\u00e8, sede del Club. A partire dalle ore 19:30 sar\u00e0 allestito un ricco buffet [&hellip;]<\/p>\n","protected":false},"author":2,"featured_media":613,"comment_status":"closed","ping_status":"open","sticky":false,"template":"","format":"standard","meta":{"footnotes":""},"categories":[1],"tags":[],"class_list":["post-610","post","type-post","status-publish","format-standard","has-post-thumbnail","hentry","category-bacheca"],"_links":{"self":[{"href":"https:\/\/www.amicodellajuve.com\/index.php?rest_route=\/wp\/v2\/posts\/610","targetHints":{"allow":["GET"]}}],"collection":[{"href":"https:\/\/www.amicodellajuve.com\/index.php?rest_route=\/wp\/v2\/posts"}],"about":[{"href":"https:\/\/www.amicodellajuve.com\/index.php?rest_route=\/wp\/v2\/types\/post"}],"author":[{"embeddable":true,"href":"https:\/\/www.amicodellajuve.com\/index.php?rest_route=\/wp\/v2\/users\/2"}],"replies":[{"embeddable":true,"href":"https:\/\/www.amicodellajuve.com\/index.php?rest_route=%2Fwp%2Fv2%2Fcomments&post=610"}],"version-history":[{"count":1,"href":"https:\/\/www.amicodellajuve.com\/index.php?rest_route=\/wp\/v2\/posts\/610\/revisions"}],"predecessor-version":[{"id":612,"href":"https:\/\/www.amicodellajuve.com\/index.php?rest_route=\/wp\/v2\/posts\/610\/revisions\/612"}],"wp:featuredmedia":[{"embeddable":true,"href":"https:\/\/www.amicodellajuve.com\/index.php?rest_route=\/wp\/v2\/media\/613"}],"wp:attachment":[{"href":"https:\/\/www.amicodellajuve.com\/index.php?rest_route=%2Fwp%2Fv2%2Fmedia&parent=610"}],"wp:term":[{"taxonomy":"category","embeddable":true,"href":"https:\/\/www.amicodellajuve.com\/index.php?rest_route=%2Fwp%2Fv2%2Fcategories&post=610"},{"taxonomy":"post_tag","embeddable":true,"href":"https:\/\/www.amicodellajuve.com\/index.php?rest_route=%2Fwp%2Fv2%2Ftags&post=610"}],"curies":[{"name":"wp","href":"https:\/\/api.w.org\/{rel}","templated":true}]}}